{"id":235,"date":"2020-10-05T07:21:50","date_gmt":"2020-10-05T05:21:50","guid":{"rendered":"http:\/\/dom.covermagazin.com\/?p=235"},"modified":"2020-10-10T16:07:12","modified_gmt":"2020-10-10T14:07:12","slug":"radna-soba","status":"publish","type":"post","link":"https:\/\/dom.covermagazin.com\/?p=235","title":{"rendered":"Radna soba"},"content":{"rendered":"<figure id=\"attachment_2627\" aria-describedby=\"caption-attachment-2627\" style=\"width: 600px\" class=\"wp-caption alignnone\"><a style=\"background-color: transparent; font-size: 1rem;\" href=\"https:\/\/dom.covermagazin.com\/wp-content\/uploads\/2015\/05\/Radna-soba-Modloft-Amsterdam.jpg\"><img loading=\"lazy\" decoding=\"async\" class=\"wp-image-2627 size-full\" src=\"https:\/\/dom.covermagazin.com\/wp-content\/uploads\/2015\/05\/Radna-soba-Modloft-Amsterdam.jpg\" alt=\"\" width=\"600\" height=\"400\" \/><\/a><figcaption id=\"caption-attachment-2627\" class=\"wp-caption-text\">Modloft Amsterdam<\/figcaption><\/figure>\n<h3>Radna soba<\/h3>\n<p>Radna soba u posljednje se vrijeme sve \u010de\u0161\u0107e pretvara u pravi ured, jer sve vi\u0161e osoba radi od ku\u0107e.<\/p>\n<p>Prilikom odabira sobe koju \u0107ete pretvoriti u radnu uzmite u obzir ove elemente:<\/p>\n<p>&#8211; Prozor \u2013 izravno svjetlo mo\u017ee biti problem za kompjuterske ekrane.<\/p>\n<p>&#8211; Vrata \u2013 u vrata biste trebali gledati, jer ako su iza vas to \u0107e vam odvra\u0107ati pozornost.<\/p>\n<p>&#8211; Uti\u010dnice \u2013 radna soba zahtjeva mnogo vi\u0161e uti\u010dnica, i ako nisu dobro razmje\u0161tene po sobi \u0107ete imati previ\u0161e kablova.<\/p>\n<h3>Savjeti za ure\u0111enje:<\/h3>\n<p>&#8211;\u00a0 Izbjegavajte uredski namje\u0161taj \u2013 dok podru\u010dje radnog stola i\u00a0 fotelje trebaju biti prilago\u0111ene radu za ra\u010dunalom, ostatak radne sobe neka bude ure\u0111en vi\u0161e u doma\u0107oj atmosferi nego radnoj.<\/p>\n<p>&#8211; Ugodna zona \u2013 u radnu sobu nemojte dodavati previ\u0161e detalja kako vam ne bi odvla\u010dili pa\u017enju, ali nemojte je ni dr\u017eati napola ure\u0111enu jer \u0107e vam i nedostaci odvla\u010diti pa\u017enju.<\/p>\n<p>&#8211; Zid \u2013 inspirativne slike mogu vas potaknuti na rad. Ne bi bilo lo\u0161e objesiti ni diplomu ili memo poduze\u0107a kako biste imali ozbiljniji dojam dok radite.<\/p>\n<p>&#8211; Osvjetljenje \u2013 dobra osvijetljenost je nu\u017ena kako biste o\u010duvali dobar vid i koncentraciju.<\/p>\n<figure id=\"attachment_2628\" aria-describedby=\"caption-attachment-2628\" style=\"width: 600px\" class=\"wp-caption alignnone\"><a href=\"https:\/\/dom.covermagazin.com\/wp-content\/uploads\/2015\/05\/Radna-soba-BDI.jpg\"><img loading=\"lazy\" decoding=\"async\" class=\"size-full wp-image-2628\" src=\"https:\/\/dom.covermagazin.com\/wp-content\/uploads\/2015\/05\/Radna-soba-BDI.jpg\" alt=\"\" width=\"600\" height=\"480\" \/><\/a><figcaption id=\"caption-attachment-2628\" class=\"wp-caption-text\">BDI<\/figcaption><\/figure>\n<figure id=\"attachment_2629\" aria-describedby=\"caption-attachment-2629\" style=\"width: 600px\" class=\"wp-caption alignnone\"><a href=\"https:\/\/dom.covermagazin.com\/wp-content\/uploads\/2015\/05\/Radna-soba-Hooker-Furniture-2.jpg\"><img loading=\"lazy\" decoding=\"async\" class=\"size-full wp-image-2629\" src=\"https:\/\/dom.covermagazin.com\/wp-content\/uploads\/2015\/05\/Radna-soba-Hooker-Furniture-2.jpg\" alt=\"\" width=\"600\" height=\"394\" \/><\/a><figcaption id=\"caption-attachment-2629\" class=\"wp-caption-text\">Hooker Furniture<\/figcaption><\/figure>\n<figure id=\"attachment_2630\" aria-describedby=\"caption-attachment-2630\" style=\"width: 600px\" class=\"wp-caption alignnone\"><a href=\"https:\/\/dom.covermagazin.com\/wp-content\/uploads\/2015\/05\/Radna-soba-Hooker-Furniture.jpg\"><img loading=\"lazy\" decoding=\"async\" class=\"size-full wp-image-2630\" src=\"https:\/\/dom.covermagazin.com\/wp-content\/uploads\/2015\/05\/Radna-soba-Hooker-Furniture.jpg\" alt=\"\" width=\"600\" height=\"439\" \/><\/a><figcaption id=\"caption-attachment-2630\" class=\"wp-caption-text\">Hooker Furniture<\/figcaption><\/figure>\n<figure id=\"attachment_2631\" aria-describedby=\"caption-attachment-2631\" style=\"width: 600px\" class=\"wp-caption alignnone\"><a href=\"https:\/\/dom.covermagazin.com\/wp-content\/uploads\/2015\/05\/Radna-soba-Artistica.jpg\"><img loading=\"lazy\" decoding=\"async\" class=\"size-full wp-image-2631\" src=\"https:\/\/dom.covermagazin.com\/wp-content\/uploads\/2015\/05\/Radna-soba-Artistica.jpg\" alt=\"\" width=\"600\" height=\"421\" \/><\/a><figcaption id=\"caption-attachment-2631\" class=\"wp-caption-text\">Artistica<\/figcaption><\/figure>\n<figure id=\"attachment_2632\" aria-describedby=\"caption-attachment-2632\" style=\"width: 600px\" class=\"wp-caption alignnone\"><a href=\"https:\/\/dom.covermagazin.com\/wp-content\/uploads\/2015\/05\/Radna-soba-Caracole-Modern.jpg\"><img loading=\"lazy\" decoding=\"async\" class=\"size-full wp-image-2632\" src=\"https:\/\/dom.covermagazin.com\/wp-content\/uploads\/2015\/05\/Radna-soba-Caracole-Modern.jpg\" alt=\"\" width=\"600\" height=\"424\" \/><\/a><figcaption id=\"caption-attachment-2632\" class=\"wp-caption-text\">Caracole Modern<\/figcaption><\/figure>\n<figure id=\"attachment_2633\" aria-describedby=\"caption-attachment-2633\" style=\"width: 600px\" class=\"wp-caption alignnone\"><a href=\"https:\/\/dom.covermagazin.com\/wp-content\/uploads\/2015\/05\/Radna-soba-Lillian-August.jpg\"><img loading=\"lazy\" decoding=\"async\" class=\"size-full wp-image-2633\" src=\"https:\/\/dom.covermagazin.com\/wp-content\/uploads\/2015\/05\/Radna-soba-Lillian-August.jpg\" alt=\"\" width=\"600\" height=\"418\" \/><\/a><figcaption id=\"caption-attachment-2633\" class=\"wp-caption-text\">Lillian August<\/figcaption><\/figure>\n<figure id=\"attachment_2634\" aria-describedby=\"caption-attachment-2634\" style=\"width: 600px\" class=\"wp-caption alignnone\"><a href=\"https:\/\/dom.covermagazin.com\/wp-content\/uploads\/2015\/05\/Radna-soba-Unique-Furniture.jpg\"><img loading=\"lazy\" decoding=\"async\" class=\"size-full wp-image-2634\" src=\"https:\/\/dom.covermagazin.com\/wp-content\/uploads\/2015\/05\/Radna-soba-Unique-Furniture.jpg\" alt=\"\" width=\"600\" height=\"359\" \/><\/a><figcaption id=\"caption-attachment-2634\" class=\"wp-caption-text\">Unique Furniture<\/figcaption><\/figure>\n","protected":false},"excerpt":{"rendered":"<p>Radna soba u posljednje se vrijeme sve \u010de\u0161\u0107e pretvara u pravi ured, jer sve vi\u0161e osoba radi od ku\u0107e&#8230;<\/p>\n","protected":false},"author":1,"featured_media":0,"comment_status":"open","ping_status":"open","sticky":false,"template":"","format":"standard","meta":{"footnotes":""},"categories":[3],"tags":[119,120,135,136],"class_list":["post-235","post","type-post","status-publish","format-standard","hentry","category-savjeti","tag-radna-soba","tag-radni-stol","tag-uredenje-radne-sobe","tag-uredenje-radnog-prostora"],"_links":{"self":[{"href":"https:\/\/dom.covermagazin.com\/index.php?rest_route=\/wp\/v2\/posts\/235","targetHints":{"allow":["GET"]}}],"collection":[{"href":"https:\/\/dom.covermagazin.com\/index.php?rest_route=\/wp\/v2\/posts"}],"about":[{"href":"https:\/\/dom.covermagazin.com\/index.php?rest_route=\/wp\/v2\/types\/post"}],"author":[{"embeddable":true,"href":"https:\/\/dom.covermagazin.com\/index.php?rest_route=\/wp\/v2\/users\/1"}],"replies":[{"embeddable":true,"href":"https:\/\/dom.covermagazin.com\/index.php?rest_route=%2Fwp%2Fv2%2Fcomments&post=235"}],"version-history":[{"count":13,"href":"https:\/\/dom.covermagazin.com\/index.php?rest_route=\/wp\/v2\/posts\/235\/revisions"}],"predecessor-version":[{"id":2635,"href":"https:\/\/dom.covermagazin.com\/index.php?rest_route=\/wp\/v2\/posts\/235\/revisions\/2635"}],"wp:attachment":[{"href":"https:\/\/dom.covermagazin.com\/index.php?rest_route=%2Fwp%2Fv2%2Fmedia&parent=235"}],"wp:term":[{"taxonomy":"category","embeddable":true,"href":"https:\/\/dom.covermagazin.com\/index.php?rest_route=%2Fwp%2Fv2%2Fcategories&post=235"},{"taxonomy":"post_tag","embeddable":true,"href":"https:\/\/dom.covermagazin.com\/index.php?rest_route=%2Fwp%2Fv2%2Ftags&post=235"}],"curies":[{"name":"wp","href":"https:\/\/api.w.org\/{rel}","templated":true}]}}