{"id":3151,"date":"2020-11-13T16:04:40","date_gmt":"2020-11-13T14:04:40","guid":{"rendered":"https:\/\/dom.covermagazin.com\/?p=3151"},"modified":"2020-11-14T08:47:02","modified_gmt":"2020-11-14T06:47:02","slug":"minimalna-kvadratura-stana-po-osobi-u-njemackoj","status":"publish","type":"post","link":"https:\/\/dom.covermagazin.com\/?p=3151","title":{"rendered":"Minimalna kvadratura stana po osobi u Njema\u010dkoj"},"content":{"rendered":"<h3><a href=\"https:\/\/dom.covermagazin.com\/?attachment_id=3155\"><img loading=\"lazy\" decoding=\"async\" class=\"alignnone wp-image-3155 size-full\" src=\"https:\/\/dom.covermagazin.com\/wp-content\/uploads\/2020\/11\/Minimalna-kvadratura-stana-po-osobi-u-Njema\u010dkoj-Cover.jpg\" alt=\"\" width=\"602\" height=\"400\" \/><\/a><\/h3>\n<h3>Minimalna kvadratura stana po osobi u Njema\u010dkoj<\/h3>\n<p>Ve\u0107 smo pisali o <a href=\"https:\/\/dom.covermagazin.com\/?p=759\">minimalnim veli\u010dinama prostorija i stanova u Hrvatskoj<\/a>, pa je zanimljivo staviti u odnos s drugim dr\u017eavama poput Njema\u010dke.<\/p>\n<p>Povr\u0161ina za stanovanje u Njema\u010dkoj ranije su bile dosta \u010dvr\u0161\u0107e definirane, me\u0111utim u novije vrijeme dosta se svodi na preporuke, a ne stvarno definiranje minimalne veli\u010dine stana po osobi. Tako da veli\u010dina stanova po osobi uglavnom nije precizno definirana i mo\u017ee se razlikovati prema vi\u0161e faktora, ali ovisno i o podru\u010dju.<\/p>\n<p>Prikladnost stana za stanovanje ovisi o broju \u010dlanova ku\u0107anstva. Danas se naj\u010de\u0161\u0107e preporu\u010duje\u00a0 da veli\u010dina \u017eivotnog prostora treba biti <em><strong>odgovaraju\u0107a<\/strong><\/em>.<\/p>\n<p>U preporukama vezanim uz veli\u010dine stanova u Njema\u010dkoj se nalazi kako bi za samca odgovaraju\u0107i bio stan do 50m2.<\/p>\n<p>O\u010dekuje da \u017eivotni prostor po svakoj dodatnoj osobi u ku\u0107anstvu iznosi dodatnih 10 do 15m2. A u rijetkim slu\u010dajevima se definira i koliko bi prostorija trebao imati stan za odre\u0111eni broj osoba. Tako bi odgovaraju\u0107i i prikladan stan za tro\u010dlanu obitelj bio oko 70m2.<\/p>\n<p>S druge strane definiraju se i <strong>minimalni uvjeti za stanovanje<\/strong>.<\/p>\n<p>Minimalna kvadratura stana po osobi u Njema\u010dkoj uglavnom se definira kod<strong> iznajmljivanja na slobodnom tr\u017ei\u0161tu<\/strong>, dok se za druge slu\u010dajeve i vlasni\u0161tvo rje\u0111e odre\u0111uje nego samo preporu\u010duje.<\/p>\n<p>Op\u0107enito se minimalna kvadratura stana po osobi u Njema\u010dkoj razlikuje u razli\u010ditim dijelovima Njema\u010dke, a ispod su neki od primjera . Uzmite u obzir da su ovo minimalni uvjeti, a ne odgovaraju\u0107i.<\/p>\n<p>U Berlinu je za svaku osobu u ku\u0107anstvu minimalno 9 m2 stambenog prostora, odnosno za svako dijete do 6 godina 6m2 . Dakle ako tro\u010dlana obitelj \u017eeli unajmiti stan, moraju unajmiti minimalno 27 m2.<\/p>\n<p>U Bremenu se tako\u0111er ra\u010duna s 9m2 minimalne kvadrature prostora po osobi, te dodatno 6m2 prostora za dijete do 6 godina starosti. Djeca starija od 6 godina trebaju jednako stambenog prostora kao odrasli.<\/p>\n<p>U Hessenu se tako\u0111er ra\u010duna s minimalno 9m2 \u017eivotnog prostora po odrasloj osobi u ku\u0107anstvu.<\/p>\n<p>Sjeverna Rajna-Vestfalija <em>(Nordrhein-Westfahlen ) &#8211; <\/em>minimalni stambeni prostor po odrasloj osobi iznosi 9m2 te za dijete do 6 godina 6m2.<\/p>\n<p>Bavarska (Bayern) nakon 2005. vi\u0161e ne odre\u0111uje minimalne kvadrate za \u017eivot po osobi nego da bi prostor trebao biti adekvatan i ugodan.<\/p>\n<p>Postoje druga\u010dija pravila kada se radi o<strong> socijalnim stanovima i socijalnim primanjima vezanima uz veli\u010dinu stanova<\/strong> u Njema\u010dkoj (subvencionirani iznos ili pravo na stan po povoljnijim cijenama od tr\u017ei\u0161nih).<\/p>\n<p>U tom slu\u010daju samac ima pravo na stan veli\u010dine 45-50 m2, dok se za dodatne \u010dlanove ku\u0107anstva uve\u0107ava prostor za 15m2, te raste na 60m2, 75m2 i tako dalje. Za 4 \u010dlana zajedni\u010dkog ku\u0107anstva pove\u0107ava se kvadratura na 90m2.<\/p>\n<p><strong>Vezano:<\/strong><\/p>\n<blockquote class=\"wp-embedded-content\" data-secret=\"ayPCH8GcnW\"><p><a href=\"https:\/\/dom.covermagazin.com\/?p=759\">Minimalne dimenzije soba i veli\u010dine stanova<\/a><\/p><\/blockquote>\n<p><iframe loading=\"lazy\" class=\"wp-embedded-content\" sandbox=\"allow-scripts\" security=\"restricted\" style=\"position: absolute; clip: rect(1px, 1px, 1px, 1px);\" title=\"&#8220;Minimalne dimenzije soba i veli\u010dine stanova&#8221; &#8212; Ure\u0111enje doma i interijera\" src=\"https:\/\/dom.covermagazin.com\/?p=759&#038;embed=true#?secret=6Ei0aGo9a7#?secret=ayPCH8GcnW\" data-secret=\"ayPCH8GcnW\" width=\"500\" height=\"282\" frameborder=\"0\" marginwidth=\"0\" marginheight=\"0\" scrolling=\"no\"><\/iframe><\/p>\n","protected":false},"excerpt":{"rendered":"<p>Povr\u0161ina za stanovanje u Njema\u010dkoj po osobi uglavnom&#8230;<\/p>\n","protected":false},"author":1,"featured_media":0,"comment_status":"open","ping_status":"open","sticky":false,"template":"","format":"standard","meta":{"footnotes":""},"categories":[3],"tags":[137],"class_list":["post-3151","post","type-post","status-publish","format-standard","hentry","category-savjeti","tag-uredenje-malih-stanova-do-30-kvadrata"],"_links":{"self":[{"href":"https:\/\/dom.covermagazin.com\/index.php?rest_route=\/wp\/v2\/posts\/3151","targetHints":{"allow":["GET"]}}],"collection":[{"href":"https:\/\/dom.covermagazin.com\/index.php?rest_route=\/wp\/v2\/posts"}],"about":[{"href":"https:\/\/dom.covermagazin.com\/index.php?rest_route=\/wp\/v2\/types\/post"}],"author":[{"embeddable":true,"href":"https:\/\/dom.covermagazin.com\/index.php?rest_route=\/wp\/v2\/users\/1"}],"replies":[{"embeddable":true,"href":"https:\/\/dom.covermagazin.com\/index.php?rest_route=%2Fwp%2Fv2%2Fcomments&post=3151"}],"version-history":[{"count":18,"href":"https:\/\/dom.covermagazin.com\/index.php?rest_route=\/wp\/v2\/posts\/3151\/revisions"}],"predecessor-version":[{"id":3172,"href":"https:\/\/dom.covermagazin.com\/index.php?rest_route=\/wp\/v2\/posts\/3151\/revisions\/3172"}],"wp:attachment":[{"href":"https:\/\/dom.covermagazin.com\/index.php?rest_route=%2Fwp%2Fv2%2Fmedia&parent=3151"}],"wp:term":[{"taxonomy":"category","embeddable":true,"href":"https:\/\/dom.covermagazin.com\/index.php?rest_route=%2Fwp%2Fv2%2Fcategories&post=3151"},{"taxonomy":"post_tag","embeddable":true,"href":"https:\/\/dom.covermagazin.com\/index.php?rest_route=%2Fwp%2Fv2%2Ftags&post=3151"}],"curies":[{"name":"wp","href":"https:\/\/api.w.org\/{rel}","templated":true}]}}