{"id":3652,"date":"2021-02-10T11:05:08","date_gmt":"2021-02-10T09:05:08","guid":{"rendered":"https:\/\/dom.covermagazin.com\/?p=3652"},"modified":"2021-02-10T11:55:25","modified_gmt":"2021-02-10T09:55:25","slug":"trendovi-uredenja-balkona-i-terasa-za-2021","status":"publish","type":"post","link":"https:\/\/dom.covermagazin.com\/?p=3652","title":{"rendered":"Trendovi ure\u0111enja balkona i terasa za 2021."},"content":{"rendered":"<h3><img loading=\"lazy\" decoding=\"async\" class=\"alignnone size-full wp-image-3653\" src=\"https:\/\/dom.covermagazin.com\/wp-content\/uploads\/2021\/02\/Trendovi-uredenja-balkona-i-terasa-za-ljeto_Cover.jpg\" alt=\"Trendovi ure\u0111enja balkona i terasa za ljeto\" width=\"600\" height=\"399\" \/><\/h3>\n<h3>Trendovi ure\u0111enja balkona i terasa za 2021.<\/h3>\n<p>Kada krene toplije vrijeme balkoni postaju zanimljiviji, a posebno ljeti. Kako biste mogli du\u017ee u\u017eivati u svome balkonu ili terasi pripremite ih na vrijeme.<\/p>\n<p>Kod ure\u0111enja balkona, posebno ako se on nastavlja na dnevni boravak, mo\u017eete koristiti isti stil kako bi se primijetio kontinuitet.<br \/>\nBoje koje dominiraju u ure\u0111enju balkona za 2021. nastavljaju se na one prethodnih sezona, a to su neutralne boja.<\/p>\n<p>No, ove sezone ih mo\u017eete kombinirati i nekim upe\u010datljivijim bojama.<br \/>\nUkoliko \u017eelite naglasiti neki dio tada je \u017euta boja odli\u010dan izbor kao i zelena boja. Osim njih moderne su plava i ljubi\u010dasta.<br \/>\nU trendu su i biljke na balkonu. Kako je op\u0107enito eko trend popularniji tako se u svim prostorima tra\u017ei vi\u0161e zelene boje posebno biljaka koje osvje\u017eavaju prostor.<\/p>\n<p>\u0160to se ti\u010de namje\u0161taja izaberite ga ovisno o stilu koji je i unutra, zadr\u017eite moderni ili tradicionalni stil koji i nastavite ga terasama i balkonima.<\/p>\n<p>Novost su stolice s metalnim nogama, te udobne fotelje.<\/p>\n<figure id=\"attachment_3654\" aria-describedby=\"caption-attachment-3654\" style=\"width: 600px\" class=\"wp-caption alignnone\"><img loading=\"lazy\" decoding=\"async\" class=\"size-full wp-image-3654\" src=\"https:\/\/dom.covermagazin.com\/wp-content\/uploads\/2021\/02\/Trendovi-uredenja-balkona-i-terasa-za-ljeto_Emmezeta_1.jpg\" alt=\"Trendovi ure\u0111enja balkona i terasa za ljeto\" width=\"600\" height=\"368\" \/><figcaption id=\"caption-attachment-3654\" class=\"wp-caption-text\">Emmezeta<\/figcaption><\/figure>\n<p>Vezano:<\/p>\n<p>&nbsp;<\/p>\n<blockquote class=\"wp-embedded-content\" data-secret=\"AHTEK8ICZb\"><p><a href=\"https:\/\/dom.covermagazin.com\/?p=1466\">5 na\u010dina kako dvori\u0161te ili balkon u\u010diniti privatnim i skriti od pogleda susjeda<\/a><\/p><\/blockquote>\n<p><iframe loading=\"lazy\" class=\"wp-embedded-content\" sandbox=\"allow-scripts\" security=\"restricted\" style=\"position: absolute; clip: rect(1px, 1px, 1px, 1px);\" title=\"&#8220;5 na\u010dina kako dvori\u0161te ili balkon u\u010diniti privatnim i skriti od pogleda susjeda&#8221; &#8212; Ure\u0111enje doma i interijera\" src=\"https:\/\/dom.covermagazin.com\/?p=1466&#038;embed=true#?secret=pSlZMxqVeC#?secret=AHTEK8ICZb\" data-secret=\"AHTEK8ICZb\" width=\"500\" height=\"282\" frameborder=\"0\" marginwidth=\"0\" marginheight=\"0\" scrolling=\"no\"><\/iframe><\/p>\n","protected":false},"excerpt":{"rendered":"<p>Kada krene toplije vrijeme balkoni postaju zanimljiviji&#8230;<\/p>\n","protected":false},"author":1,"featured_media":0,"comment_status":"open","ping_status":"open","sticky":false,"template":"","format":"standard","meta":{"footnotes":""},"categories":[1],"tags":[131,162],"class_list":["post-3652","post","type-post","status-publish","format-standard","hentry","category-uncategorized","tag-balkon","tag-uredenje-balkona"],"_links":{"self":[{"href":"https:\/\/dom.covermagazin.com\/index.php?rest_route=\/wp\/v2\/posts\/3652","targetHints":{"allow":["GET"]}}],"collection":[{"href":"https:\/\/dom.covermagazin.com\/index.php?rest_route=\/wp\/v2\/posts"}],"about":[{"href":"https:\/\/dom.covermagazin.com\/index.php?rest_route=\/wp\/v2\/types\/post"}],"author":[{"embeddable":true,"href":"https:\/\/dom.covermagazin.com\/index.php?rest_route=\/wp\/v2\/users\/1"}],"replies":[{"embeddable":true,"href":"https:\/\/dom.covermagazin.com\/index.php?rest_route=%2Fwp%2Fv2%2Fcomments&post=3652"}],"version-history":[{"count":1,"href":"https:\/\/dom.covermagazin.com\/index.php?rest_route=\/wp\/v2\/posts\/3652\/revisions"}],"predecessor-version":[{"id":3659,"href":"https:\/\/dom.covermagazin.com\/index.php?rest_route=\/wp\/v2\/posts\/3652\/revisions\/3659"}],"wp:attachment":[{"href":"https:\/\/dom.covermagazin.com\/index.php?rest_route=%2Fwp%2Fv2%2Fmedia&parent=3652"}],"wp:term":[{"taxonomy":"category","embeddable":true,"href":"https:\/\/dom.covermagazin.com\/index.php?rest_route=%2Fwp%2Fv2%2Fcategories&post=3652"},{"taxonomy":"post_tag","embeddable":true,"href":"https:\/\/dom.covermagazin.com\/index.php?rest_route=%2Fwp%2Fv2%2Ftags&post=3652"}],"curies":[{"name":"wp","href":"https:\/\/api.w.org\/{rel}","templated":true}]}}