{"id":3666,"date":"2021-06-22T18:03:01","date_gmt":"2021-06-22T16:03:01","guid":{"rendered":"https:\/\/dom.covermagazin.com\/?p=3666"},"modified":"2021-06-22T18:03:02","modified_gmt":"2021-06-22T16:03:02","slug":"ideje-za-uredenje-malog-balkona","status":"publish","type":"post","link":"https:\/\/dom.covermagazin.com\/?p=3666","title":{"rendered":"Ideje za ure\u0111enje malog balkona"},"content":{"rendered":"\n<p><img loading=\"lazy\" decoding=\"async\" class=\"alignnone size-full wp-image-3668\" src=\"https:\/\/dom.covermagazin.com\/wp-content\/uploads\/2021\/02\/Uredenje-malog-balkona_Cover.jpg\" alt=\"Ideje za ure\u0111enje malog balkona\" width=\"600\" height=\"400\"><\/p>\n\n\n\n<h2 class=\"wp-block-heading\">Ideje za ure\u0111enje malog balkona<\/h2>\n\n\n\n<p>Ako imate mali balkon ne zna\u010di da ga ne mo\u017eete pretvoriti u mini oazu u kojoj se mo\u017eete opustiti i u\u017eivati.<\/p>\n\n\n\n<p>Kod ure\u0111enja malog balkona bitno je da dobro izmjerite prostor i procijenite \u0161to u njega mo\u017ee stati. Potrebno je prona\u0107i sredinu da balkon bude udoban i ugodan, a da ne bude natrpan.<br>Razmislite \u0161to vam je najpotrebnije, odnosno kako vi zami\u0161ljate odmor na balkonu te krenite od tih stvari.<\/p>\n\n\n\n<p>Ove sezone za ure\u0111enje vanjskih prostora, balkona i terasa u trendu su neutralne boje uz dodatak \u017eute, zelene, ljubi\u010daste i plave.<\/p>\n\n\n\n<p>Stolice i stol za balkon izaberite adekvatne veli\u010dine, a opet udobne. Tako\u0111er, mo\u017eete se odlu\u010diti umjesto stati\u010dnog stola na mali stol na sklapanje ili stol na kota\u010de kako biste ga mogli koristi unutra ako zatreba ili lako micati. Prednost takvih stolova tipa restoranskih kolica je \u0161to imaju kota\u010de, ali i i police ispod na koje mo\u017eete odlo\u017eiti stvari koje vam trenutno ne trebaju.<\/p>\n\n\n\n<p>Ukoliko preferirate le\u017eati tada su le\u017ealjke dobar izbor ili stolica s udobnim jastukom za sjedenje s pripadaju\u0107im produ\u017eetkom za noge. Takav dodatni stoli\u0107 koji vi koristite za noge mo\u017eete odvojiti i imati dodatno sjede\u0107e mjesto kada imate goste.<\/p>\n\n\n\n<p>Namje\u0161taj bi bilo najbolje staviti u kut balkona.<\/p>\n\n\n\n<p>\u0160to se ti\u010de materijala bitno je da odaberete one otporne na vlagu budu\u0107i da \u010dak i ako balkon nije direktno izlo\u017een ki\u0161i, ponekad \u0107e biti.<\/p>\n\n\n\n<p>Tako\u0111er bilo bi dobro da ure\u0111enju balkona dodate biljke koje \u0107e osvje\u017eiti prostor. Iskoristite skrivene kutke ili police na zidu kako biste ih smjestili.<\/p>\n\n\n\n<figure class=\"wp-block-image alignnone size-full wp-image-3669\"><img decoding=\"async\" src=\"https:\/\/dom.covermagazin.com\/wp-content\/uploads\/2021\/02\/Uredenje-malog-balkona_Emmezeta_1.jpg\" alt=\"Ideje za ure\u0111enje malog balkona\" class=\"wp-image-3669\"\/><figcaption>Emmezeta<\/figcaption><\/figure>\n\n\n\n<figure class=\"wp-block-image alignnone size-full wp-image-3670\"><img decoding=\"async\" src=\"https:\/\/dom.covermagazin.com\/wp-content\/uploads\/2021\/02\/Uredenje-malog-balkona_Emmezeta_2.jpg\" alt=\"Ideje za ure\u0111enje malog balkona\" class=\"wp-image-3670\"\/><figcaption>Emmezeta<\/figcaption><\/figure>\n\n\n\n<figure class=\"wp-block-image alignnone size-full wp-image-3671\"><img decoding=\"async\" src=\"https:\/\/dom.covermagazin.com\/wp-content\/uploads\/2021\/02\/Uredenje-malog-balkona_Emmezeta_3.jpg\" alt=\"Ideje za ure\u0111enje malog balkona\" class=\"wp-image-3671\"\/><figcaption>Emmezeta<\/figcaption><\/figure>\n\n\n\n<figure class=\"wp-block-image alignnone size-full wp-image-3672\"><img decoding=\"async\" src=\"https:\/\/dom.covermagazin.com\/wp-content\/uploads\/2021\/02\/Uredenje-malog-balkona_Emmezeta_4.jpg\" alt=\"Ideje za ure\u0111enje malog balkona\" class=\"wp-image-3672\"\/><figcaption>Emmezeta<\/figcaption><\/figure>\n\n\n\n<figure class=\"wp-block-image alignnone size-full wp-image-3674\"><img decoding=\"async\" src=\"https:\/\/dom.covermagazin.com\/wp-content\/uploads\/2021\/02\/Uredenje-malog-balkona_Lesnina_1.jpg\" alt=\"Ideje za ure\u0111enje malog balkona\" class=\"wp-image-3674\"\/><figcaption>Lesnina<\/figcaption><\/figure>\n\n\n\n<figure class=\"wp-block-image alignnone size-full wp-image-3675\"><img decoding=\"async\" src=\"https:\/\/dom.covermagazin.com\/wp-content\/uploads\/2021\/02\/Uredenje-malog-balkona_Lesnina_2.jpg\" alt=\"Ideje za ure\u0111enje malog balkona\" class=\"wp-image-3675\"\/><figcaption>Lesnina<\/figcaption><\/figure>\n\n\n\n<figure class=\"wp-block-embed is-type-wp-embed is-provider-cvijece wp-block-embed-cvijece\"><div class=\"wp-block-embed__wrapper\">\n<blockquote class=\"wp-embedded-content\" data-secret=\"nQPWa5uarb\"><a href=\"https:\/\/cvijece.covermagazin.com\/?p=2061\">VERTIKALNI VRT &#8211; Kako imati vlastito povr\u0107e i vo\u0107e na malom balkonu<\/a><\/blockquote><iframe loading=\"lazy\" class=\"wp-embedded-content\" sandbox=\"allow-scripts\" security=\"restricted\" style=\"position: absolute; clip: rect(1px, 1px, 1px, 1px);\" title=\"&#8220;VERTIKALNI VRT &#8211; Kako imati vlastito povr\u0107e i vo\u0107e na malom balkonu&#8221; &#8212; Bio, priroda &amp; cvije\u0107e\" src=\"https:\/\/cvijece.covermagazin.com\/?p=2061&#038;embed=true#?secret=H7Q1GWtEuC#?secret=nQPWa5uarb\" data-secret=\"nQPWa5uarb\" width=\"500\" height=\"282\" frameborder=\"0\" marginwidth=\"0\" marginheight=\"0\" scrolling=\"no\"><\/iframe>\n<\/div><\/figure>\n\n\n\n<figure class=\"wp-block-embed is-type-wp-embed is-provider-uredenje-doma-i-interijera wp-block-embed-uredenje-doma-i-interijera\"><div class=\"wp-block-embed__wrapper\">\n<blockquote class=\"wp-embedded-content\" data-secret=\"0XfAVY2bPR\"><a href=\"https:\/\/dom.covermagazin.com\/?p=1466\">5 na\u010dina kako dvori\u0161te ili balkon u\u010diniti privatnim i skriti od pogleda susjeda<\/a><\/blockquote><iframe loading=\"lazy\" class=\"wp-embedded-content\" sandbox=\"allow-scripts\" security=\"restricted\" style=\"position: absolute; clip: rect(1px, 1px, 1px, 1px);\" title=\"&#8220;5 na\u010dina kako dvori\u0161te ili balkon u\u010diniti privatnim i skriti od pogleda susjeda&#8221; &#8212; Ure\u0111enje doma i interijera\" src=\"https:\/\/dom.covermagazin.com\/?p=1466&#038;embed=true#?secret=VvFTUu4Acx#?secret=0XfAVY2bPR\" data-secret=\"0XfAVY2bPR\" width=\"500\" height=\"282\" frameborder=\"0\" marginwidth=\"0\" marginheight=\"0\" scrolling=\"no\"><\/iframe>\n<\/div><\/figure>\n","protected":false},"excerpt":{"rendered":"<p>Ako imate mali balkon ne zna\u010di da ga ne mo\u017eete pretvoriti u mini oazu u kojoj se mo\u017eete opustiti i u\u017eivati.<\/p>\n","protected":false},"author":1,"featured_media":0,"comment_status":"open","ping_status":"open","sticky":false,"template":"","format":"standard","meta":{"footnotes":""},"categories":[129],"tags":[131,162],"class_list":["post-3666","post","type-post","status-publish","format-standard","hentry","category-ideje","tag-balkon","tag-uredenje-balkona"],"_links":{"self":[{"href":"https:\/\/dom.covermagazin.com\/index.php?rest_route=\/wp\/v2\/posts\/3666","targetHints":{"allow":["GET"]}}],"collection":[{"href":"https:\/\/dom.covermagazin.com\/index.php?rest_route=\/wp\/v2\/posts"}],"about":[{"href":"https:\/\/dom.covermagazin.com\/index.php?rest_route=\/wp\/v2\/types\/post"}],"author":[{"embeddable":true,"href":"https:\/\/dom.covermagazin.com\/index.php?rest_route=\/wp\/v2\/users\/1"}],"replies":[{"embeddable":true,"href":"https:\/\/dom.covermagazin.com\/index.php?rest_route=%2Fwp%2Fv2%2Fcomments&post=3666"}],"version-history":[{"count":2,"href":"https:\/\/dom.covermagazin.com\/index.php?rest_route=\/wp\/v2\/posts\/3666\/revisions"}],"predecessor-version":[{"id":4154,"href":"https:\/\/dom.covermagazin.com\/index.php?rest_route=\/wp\/v2\/posts\/3666\/revisions\/4154"}],"wp:attachment":[{"href":"https:\/\/dom.covermagazin.com\/index.php?rest_route=%2Fwp%2Fv2%2Fmedia&parent=3666"}],"wp:term":[{"taxonomy":"category","embeddable":true,"href":"https:\/\/dom.covermagazin.com\/index.php?rest_route=%2Fwp%2Fv2%2Fcategories&post=3666"},{"taxonomy":"post_tag","embeddable":true,"href":"https:\/\/dom.covermagazin.com\/index.php?rest_route=%2Fwp%2Fv2%2Ftags&post=3666"}],"curies":[{"name":"wp","href":"https:\/\/api.w.org\/{rel}","templated":true}]}}