{"id":397,"date":"2025-01-21T10:59:01","date_gmt":"2025-01-21T08:59:01","guid":{"rendered":"http:\/\/dom.covermagazin.com\/?p=397"},"modified":"2025-01-21T23:59:03","modified_gmt":"2025-01-21T21:59:03","slug":"kako-skladistiti-bicikl-za-zimu","status":"publish","type":"post","link":"https:\/\/dom.covermagazin.com\/?p=397","title":{"rendered":"Kako i gdje skladi\u0161titi bicikl za zimu"},"content":{"rendered":"\n<p><a href=\"https:\/\/dom.covermagazin.com\/?attachment_id=2848\"><img loading=\"lazy\" decoding=\"async\" class=\"alignnone wp-image-2848 size-full\" src=\"https:\/\/dom.covermagazin.com\/wp-content\/uploads\/2012\/08\/Kako-skladi\u0161titi-bicikl-za-zimu-Cover.jpg\" alt=\"\" width=\"600\" height=\"400\"><\/a><\/p>\n\n\n\n<h2 class=\"wp-block-heading\">Kako skladi\u0161titi bicikl za zimu<\/h2>\n\n\n\n<p>Za one koji \u017eive u ki\u0161nim i snje\u017enim podru\u010djima skladi\u0161tenje bicikla je neizostavna jesenska aktivnost. Vjerujemo da neki od vas sigurno voze bicikl i u zimskim mjesecima, ali za ve\u0107inu osoba vo\u017enja biciklom je proljetna i ljetna aktivnost.<\/p>\n\n\n\n<p>Ako ostavite bicikl na balkonu ili u dvori\u0161tu izlo\u017een svim uvjetima Majke prirode skratit \u0107e trajnost bicikla, a pitanje je ho\u0107ete li ga mo\u0107i voziti ve\u0107 sljede\u0107e godine.<\/p>\n\n\n\n<h3 class=\"wp-block-heading\"><a href=\"http:\/\/dom.covermagazin.com\/wp-content\/uploads\/2011\/10\/skladistenje1.jpg\"><img loading=\"lazy\" decoding=\"async\" class=\"alignleft size-full wp-image-399\" title=\"skladistenje\" src=\"http:\/\/dom.covermagazin.com\/wp-content\/uploads\/2011\/10\/skladistenje1.jpg\" alt=\"\" width=\"350\" height=\"487\"><\/a><\/h3>\n\n\n\n<h2 class=\"wp-block-heading\"><strong><em>Skladi\u0161tenje bicikla u zatvorenom<\/em><\/strong><\/h2>\n\n\n\n<p>Ovo je najbolja opcija. Ako je mogu\u0107e bicikl spremite u kontroliranim temperaturnim uvjetima. Mo\u017eete ga skladi\u0161titi u gara\u017ei, podrumu, skladi\u0161tu ili nekom drugom prostoru gdje imate mjesta. Bicikl stavite na stalak ili pa\u017eljivo naslonite tako da nema pritiska na pojedine dijelove bicikla, kako se ne bi iskrivili. Nemojte naslonjati nikakve stvari na bicikl.<\/p>\n\n\n\n<h2 class=\"wp-block-heading\"><strong><em>Skladi\u0161tenje bicikla na otvorenom<\/em><\/strong><\/h2>\n\n\n\n<p>Manje po\u017eeljna opcija, ali ponekad jedina je skladi\u0161tenje na otvorenom. Svoj bicikl biste trebali prekriti ceradom neke vrste, stabilno ga smjestiti na mre\u017eastu strukturu koja \u0107e dopustiti protok zraka i vode. To bi zna\u010dilo da bicikl treba staviti na neki tip povi\u0161ene re\u0161etke, gdje \u0107e ga cerada za\u0161titi, ali \u0107e ipak ispod cerade biti prozra\u010dno i mo\u0107i \u0107e hlapiti ostatak vlage.  Ceradu nikad nemojte potpuno omotavati oko bicikla jer \u0107e se vlaga zadr\u017eavati unutra i napraviti \u0161tetu. Glavni neprijatelj je dugotrajno izlaganje vlazi. S bicikla skinite sve komponente koje su osjetljivije na vla\u017enost poput mjera\u010da brzine, sjedala, ru\u010dki\u2026 i spremite u zatvoreno. U idealnom svijetu svatko bi imao dovoljno prostora za skladi\u0161tenje bicikla i na taj na\u010din bi produ\u017eio dugovje\u010dnost svom biciklu, ali svi ve\u0107 znamo da svijet nije idealan. Dobra stvar je da noviji bicikli imaj bolju za\u0161titu od hr\u0111anja ili korozije.<\/p>\n\n\n\n<h2 class=\"wp-block-heading\"><em><strong>Alternativni na\u010dini skladi\u0161tenja bicikla<\/strong><\/em> <\/h2>\n\n\n\n<p>Mnogi ka\u017eu kako je puno bolja opcija rastaviti bicikl i staviti ga ipak na suho. Neka od mjesta koja nikad ne bi pomislili kao skladi\u0161te, ali ako odvojite upravlja\u010d i pedale, <strong>ve\u0107 bicikl mo\u017ee stati je ispod kreveta<\/strong>. Naravno, kod kori\u0161tenja ovakvih alternativnih rje\u0161enja morate biti oprezni i pobrinuti se da prije skladi\u0161tenja svi dijelovi bicikla budu apsolutno \u010disti i bez mirisa. <\/p>\n\n\n\n<p>Bicikl mo\u017eete lijepo o\u010di\u0161\u0107eni staviti i <strong>kao dekoraciju<\/strong> u sam stan ukoliko imate prostora. Ne biste vjerovali koliko bicikl mo\u017ee lijepo izgledati i kako se dobro mo\u017ee uklopiti u odre\u0111ene stilove ure\u0111enja interijera. <\/p>\n\n\n\n<figure class=\"wp-block-image size-full\"><a href=\"https:\/\/dom.covermagazin.com\/wp-content\/uploads\/2021\/10\/kako-skaladistiti-bicikl.jpg\"><img decoding=\"async\" src=\"https:\/\/dom.covermagazin.com\/wp-content\/uploads\/2021\/10\/kako-skaladistiti-bicikl.jpg\" alt=\"\" class=\"wp-image-4191\"\/><\/a><\/figure>\n\n\n\n<p>Bicikl tradicionalno simbolizira napredak i prosperitet, pa \u0107e u va\u0161em domu dati dodatnu vrijednost. Nije neobi\u010dno vidjeti sobni bicikl u domu, pa ako svoj uklopite u ostatak doma i lijepo dekorirate, mo\u017eete ga staviti tamo gdje biste ina\u010de stavili sobni bicikl.<\/p>\n\n\n\n<p>Tako\u0111er, svoj bicikl mo\u017eete pretvoriti u sobni bicikl i koristiti kao spravu za vje\u017ebanje tijekom zimskih mjeseci. Postoje sprave koje mo\u017eete kupiti (trena\u017eer ili valjci), a koji \u0107e omogu\u0107iti da va\u0161 obi\u010dni bicikl postane sprava za vje\u017ebanje u domu.<\/p>\n\n\n\n<figure class=\"wp-block-image size-full\"><a href=\"https:\/\/dom.covermagazin.com\/wp-content\/uploads\/2021\/10\/kako-skaladistiti-bicikl-2.jpg\"><img decoding=\"async\" src=\"https:\/\/dom.covermagazin.com\/wp-content\/uploads\/2021\/10\/kako-skaladistiti-bicikl-2.jpg\" alt=\"\" class=\"wp-image-4192\"\/><\/a><\/figure>\n\n\n\n<p>Ako obo\u017eavate svoj bicikl i redovito ga vozite, ovo je idealna opcija za vas, jer nema potrebe da vas hladno vrijeme sprije\u010di u tome da radite na sebi i o\u010duvate svoju kondiciju. Sve \u0161to vam treba je poseban stalak koji pretvara va\u0161 bicikl u sobni bicikl. Kada je vrijeme lijepo, bez puno problema skinete bicikl sa stalka i ponovno ga vozite na otvorenom. Glavni problem kod ovakvog skladi\u0161tenja je \u0161to bicikl nakon svake vo\u017enje na otvorenom ponovno morate \u010distiti do najsitnijih detalja.<\/p>\n\n\n\n<h3 class=\"wp-block-heading\"><strong><em>Op\u0107eniti savjeti<\/em><\/strong> <\/h3>\n\n\n\n<p>O\u010distite bicikl kako biste skinuli svu prljav\u0161tinu s njega, jer bi se mogla tijekom zime pretvoriti u &nbsp;neuklonjivu. Najbolje da koristite neki proizvod za \u010di\u0161\u0107enje sli\u010dnog namje\u0161taja.<\/p>\n\n\n\n<p>Popravite sitne kvarove ako su nastali tijekom vo\u017enje.<\/p>\n\n\n\n<p>Napumpajte gume do maksimuma.<\/p>\n\n\n\n<p>Bicikl je dobro spremiti na vise\u0107e kuke jer tako zauzima manje prostora, a nema optere\u0107enja na felgama i kota\u010dima.<\/p>\n\n\n\n<p>Na kraju nemojte zaboraviti zaklju\u010dati bicikl. \u010cak ako je skladi\u0161ten na va\u0161em posjedu ipak je ranjiv. Ako ve\u0107 imate lokot nema smisla dr\u017eati ga na pomo\u0107nom sjedalu bicikla. Treba vam tek 30 sekundi za njegovo stavljanje, pa kad ste ga ve\u0107 platili iskoristite ga.<\/p>\n","protected":false},"excerpt":{"rendered":"<p>Kako skladi\u0161titi bicikl za zimu Za one koji \u017eive u ki\u0161nim i snje\u017enim podru\u010djima skladi\u0161tenje bicikla je neizostavna jesenska aktivnost. Vjerujemo da neki od vas sigurno voze bicikl i u zimskim mjesecima, ali za ve\u0107inu osoba vo\u017enja biciklom je proljetna i ljetna aktivnost. Ako ostavite bicikl na balkonu ili u dvori\u0161tu izlo\u017een svim uvjetima Majke [&hellip;]<\/p>\n","protected":false},"author":1,"featured_media":0,"comment_status":"open","ping_status":"open","sticky":false,"template":"","format":"standard","meta":{"footnotes":""},"categories":[3],"tags":[],"class_list":["post-397","post","type-post","status-publish","format-standard","hentry","category-savjeti"],"_links":{"self":[{"href":"https:\/\/dom.covermagazin.com\/index.php?rest_route=\/wp\/v2\/posts\/397","targetHints":{"allow":["GET"]}}],"collection":[{"href":"https:\/\/dom.covermagazin.com\/index.php?rest_route=\/wp\/v2\/posts"}],"about":[{"href":"https:\/\/dom.covermagazin.com\/index.php?rest_route=\/wp\/v2\/types\/post"}],"author":[{"embeddable":true,"href":"https:\/\/dom.covermagazin.com\/index.php?rest_route=\/wp\/v2\/users\/1"}],"replies":[{"embeddable":true,"href":"https:\/\/dom.covermagazin.com\/index.php?rest_route=%2Fwp%2Fv2%2Fcomments&post=397"}],"version-history":[{"count":14,"href":"https:\/\/dom.covermagazin.com\/index.php?rest_route=\/wp\/v2\/posts\/397\/revisions"}],"predecessor-version":[{"id":5169,"href":"https:\/\/dom.covermagazin.com\/index.php?rest_route=\/wp\/v2\/posts\/397\/revisions\/5169"}],"wp:attachment":[{"href":"https:\/\/dom.covermagazin.com\/index.php?rest_route=%2Fwp%2Fv2%2Fmedia&parent=397"}],"wp:term":[{"taxonomy":"category","embeddable":true,"href":"https:\/\/dom.covermagazin.com\/index.php?rest_route=%2Fwp%2Fv2%2Fcategories&post=397"},{"taxonomy":"post_tag","embeddable":true,"href":"https:\/\/dom.covermagazin.com\/index.php?rest_route=%2Fwp%2Fv2%2Ftags&post=397"}],"curies":[{"name":"wp","href":"https:\/\/api.w.org\/{rel}","templated":true}]}}