{"id":4067,"date":"2021-04-07T13:44:30","date_gmt":"2021-04-07T11:44:30","guid":{"rendered":"https:\/\/dom.covermagazin.com\/?p=4067"},"modified":"2021-04-07T13:47:56","modified_gmt":"2021-04-07T11:47:56","slug":"zara-home-kolekcija-za-terase-i-balkone","status":"publish","type":"post","link":"https:\/\/dom.covermagazin.com\/?p=4067","title":{"rendered":"Zara Home kolekcija za terase i balkone"},"content":{"rendered":"\n<figure class=\"wp-block-image size-large\"><a href=\"https:\/\/dom.covermagazin.com\/wp-content\/uploads\/2021\/04\/Zara-Home-kolekcija-proljece-i-ljeto_1.jpg\"><img decoding=\"async\" src=\"https:\/\/dom.covermagazin.com\/wp-content\/uploads\/2021\/04\/Zara-Home-kolekcija-proljece-i-ljeto_1.jpg\" alt=\"\" class=\"wp-image-4068\"\/><\/a><\/figure>\n\n\n\n<h2 class=\"wp-block-heading\">Zara Home kolekcija za terase i balkone<\/h2>\n\n\n\n<p><a href=\"https:\/\/dom.covermagazin.com\/?p=2923\">Zara Home<\/a> je predstavila novu odli\u010dnu Picnic kolekciju, koja je idealan izbor za vanjske prostore, balkone i terase, kao i za pikninke.<\/p>\n\n\n\n<p>Inspirirana prirodnim materijalima, svje\u017einom, daje ugodan, doma\u0107i look.<\/p>\n\n\n\n<figure class=\"wp-block-image size-large\"><a href=\"https:\/\/dom.covermagazin.com\/wp-content\/uploads\/2021\/04\/Zara-Home-kolekcija-proljece-i-ljeto_2.jpg\"><img decoding=\"async\" src=\"https:\/\/dom.covermagazin.com\/wp-content\/uploads\/2021\/04\/Zara-Home-kolekcija-proljece-i-ljeto_2.jpg\" alt=\"\" class=\"wp-image-4069\"\/><\/a><\/figure>\n\n\n\n<p>Pamu\u010dni stolnjak s retro kariranim uzorkom, podmeta\u010di za sto od \u017eakara s uzorcima vo\u0107a i li\u0161\u0107a. \u010cesto su stolnjaci i ubrusi s izvezenim elementima koji doprinose retro ali i doma\u0107em ugo\u0111aju.<\/p>\n\n\n\n<figure class=\"wp-block-image size-large\"><img decoding=\"async\" src=\"https:\/\/dom.covermagazin.com\/wp-content\/uploads\/2021\/04\/Zara-Home-kolekcija-proljece-i-ljeto_3.jpg\" alt=\"\" class=\"wp-image-4070\"\/><\/figure>\n\n\n\n<figure class=\"wp-block-image size-large\"><img decoding=\"async\" src=\"https:\/\/dom.covermagazin.com\/wp-content\/uploads\/2021\/04\/Zara-Home-kolekcija-proljece-i-ljeto_6.jpg\" alt=\"\" class=\"wp-image-4073\"\/><\/figure>\n\n\n\n<figure class=\"wp-block-image size-large\"><img decoding=\"async\" src=\"https:\/\/dom.covermagazin.com\/wp-content\/uploads\/2021\/04\/Zara-Home-kolekcija-proljece-i-ljeto_7.jpg\" alt=\"\" class=\"wp-image-4074\"\/><\/figure>\n\n\n\n<figure class=\"wp-block-image size-large\"><img decoding=\"async\" src=\"https:\/\/dom.covermagazin.com\/wp-content\/uploads\/2021\/04\/Zara-Home-kolekcija-proljece-i-ljeto_8.jpg\" alt=\"\" class=\"wp-image-4075\"\/><\/figure>\n\n\n\n<p>\u010ca\u0161e od akrila s reljefnim uzorkom, kao posu\u0111e od melamina doprinose ugo\u0111aju.<\/p>\n\n\n\n<figure class=\"wp-block-image size-large\"><a href=\"https:\/\/dom.covermagazin.com\/wp-content\/uploads\/2021\/04\/Zara-Home-kolekcija-proljece-i-ljeto_4.jpg\"><img decoding=\"async\" src=\"https:\/\/dom.covermagazin.com\/wp-content\/uploads\/2021\/04\/Zara-Home-kolekcija-proljece-i-ljeto_4.jpg\" alt=\"\" class=\"wp-image-4071\"\/><\/a><\/figure>\n\n\n\n<figure class=\"wp-block-image size-large\"><a href=\"https:\/\/dom.covermagazin.com\/wp-content\/uploads\/2021\/04\/Zara-Home-kolekcija-proljece-i-ljeto_5.jpg\"><img decoding=\"async\" src=\"https:\/\/dom.covermagazin.com\/wp-content\/uploads\/2021\/04\/Zara-Home-kolekcija-proljece-i-ljeto_5.jpg\" alt=\"\" class=\"wp-image-4072\"\/><\/a><\/figure>\n\n\n\n<p>Kao i klasi\u010dni vr\u010d s reljefnim uzorkom<\/p>\n\n\n\n<figure class=\"wp-block-image size-large\"><a href=\"https:\/\/dom.covermagazin.com\/wp-content\/uploads\/2021\/04\/Zara-Home-kolekcija-proljece-i-ljeto_9.jpg\"><img decoding=\"async\" src=\"https:\/\/dom.covermagazin.com\/wp-content\/uploads\/2021\/04\/Zara-Home-kolekcija-proljece-i-ljeto_9.jpg\" alt=\"\" class=\"wp-image-4076\"\/><\/a><\/figure>\n\n\n\n<p>Akrilne zdjele za salatu i poslu\u017eivanje u obliku cvijeta.<\/p>\n\n\n\n<figure class=\"wp-block-image size-large\"><a href=\"https:\/\/dom.covermagazin.com\/wp-content\/uploads\/2021\/04\/Zara-Home-kolekcija-proljece-i-ljeto_10.jpg\"><img decoding=\"async\" src=\"https:\/\/dom.covermagazin.com\/wp-content\/uploads\/2021\/04\/Zara-Home-kolekcija-proljece-i-ljeto_10.jpg\" alt=\"\" class=\"wp-image-4077\"\/><\/a><\/figure>\n\n\n\n<p><strong>Vezano:<\/strong><\/p>\n\n\n\n<p><a href=\"https:\/\/dom.covermagazin.com\/?p=2923\">Dekoracije Zara Home \u2013 prekrasne dekoracije za dom <\/a><\/p>\n\n\n\n<p><a href=\"https:\/\/dom.covermagazin.com\/?p=1466\">5 na\u010dina kako dvori\u0161te ili balkon u\u010diniti privatnim i skriti od pogleda susjeda<\/a><\/p>\n\n\n\n<p><a href=\"https:\/\/cvijece.covermagazin.com\/?p=553\">Odabir cvije\u0107a za cvjetnjak, balkon i terasu \u2013 Cvije\u0107e <\/a><\/p>\n","protected":false},"excerpt":{"rendered":"<p>Zara Home je predstavila novu odli\u010dnu Picnic kolekciju, koja je idealan izbor za vanjske prostore, balkone i terase, kao i za pikninke.<\/p>\n","protected":false},"author":2,"featured_media":0,"comment_status":"open","ping_status":"open","sticky":false,"template":"","format":"standard","meta":{"footnotes":""},"categories":[1],"tags":[131,162,156,158],"class_list":["post-4067","post","type-post","status-publish","format-standard","hentry","category-uncategorized","tag-balkon","tag-uredenje-balkona","tag-zara-home","tag-zara-home-dekoracije"],"_links":{"self":[{"href":"https:\/\/dom.covermagazin.com\/index.php?rest_route=\/wp\/v2\/posts\/4067","targetHints":{"allow":["GET"]}}],"collection":[{"href":"https:\/\/dom.covermagazin.com\/index.php?rest_route=\/wp\/v2\/posts"}],"about":[{"href":"https:\/\/dom.covermagazin.com\/index.php?rest_route=\/wp\/v2\/types\/post"}],"author":[{"embeddable":true,"href":"https:\/\/dom.covermagazin.com\/index.php?rest_route=\/wp\/v2\/users\/2"}],"replies":[{"embeddable":true,"href":"https:\/\/dom.covermagazin.com\/index.php?rest_route=%2Fwp%2Fv2%2Fcomments&post=4067"}],"version-history":[{"count":2,"href":"https:\/\/dom.covermagazin.com\/index.php?rest_route=\/wp\/v2\/posts\/4067\/revisions"}],"predecessor-version":[{"id":4079,"href":"https:\/\/dom.covermagazin.com\/index.php?rest_route=\/wp\/v2\/posts\/4067\/revisions\/4079"}],"wp:attachment":[{"href":"https:\/\/dom.covermagazin.com\/index.php?rest_route=%2Fwp%2Fv2%2Fmedia&parent=4067"}],"wp:term":[{"taxonomy":"category","embeddable":true,"href":"https:\/\/dom.covermagazin.com\/index.php?rest_route=%2Fwp%2Fv2%2Fcategories&post=4067"},{"taxonomy":"post_tag","embeddable":true,"href":"https:\/\/dom.covermagazin.com\/index.php?rest_route=%2Fwp%2Fv2%2Ftags&post=4067"}],"curies":[{"name":"wp","href":"https:\/\/api.w.org\/{rel}","templated":true}]}}