{"id":4103,"date":"2021-04-21T00:09:51","date_gmt":"2021-04-20T22:09:51","guid":{"rendered":"https:\/\/dom.covermagazin.com\/?p=4103"},"modified":"2021-04-21T00:09:53","modified_gmt":"2021-04-20T22:09:53","slug":"hm-home-i-dizajnerice-diane-von-furstenberg-odlicna-suradnja-za-uredenje-doma","status":"publish","type":"post","link":"https:\/\/dom.covermagazin.com\/?p=4103","title":{"rendered":"H&#038;M Home i dizajnerice Diane von Furstenberg &#8211; odli\u010dna suradnja za ure\u0111enje doma"},"content":{"rendered":"\n<div class=\"wp-block-cover has-background-dim\"><img decoding=\"async\" class=\"wp-block-cover__image-background wp-image-4104\" alt=\"\" src=\"https:\/\/dom.covermagazin.com\/wp-content\/uploads\/2021\/04\/HM-Home_Cover.jpg\" data-object-fit=\"cover\"\/><div class=\"wp-block-cover__inner-container is-layout-flow wp-block-cover-is-layout-flow\">\n<p class=\"has-text-align-center has-large-font-size\"><\/p>\n<\/div><\/div>\n\n\n\n<h2 class=\"wp-block-heading\">H&amp;M Home i dizajnerice Diane von Furstenberg &#8211; odli\u010dna suradnja za ure\u0111enje doma<\/h2>\n\n\n\n<p>Ako ste razmi\u0161ljali o tome da u stan dodate ne\u0161to vrhunskih svjetskih dizajnera, ili se pitali kako bi se takvo ne\u0161to uklopilo u va\u0161e <a href=\"https:\/\/dom.covermagazin.com\/\">ure\u0111enje doma<\/a>, sada mo\u017eete provjeriti.<\/p>\n\n\n\n<p>H&amp;M je predstavio suradnju s dizajnericom Diane von Furstenberg u kolekciji Diane von Furstenberg x H&amp;M Home.<\/p>\n\n\n\n<p>Diane von Furstenberg je svjetski poznata dizajnerica, a svoj brand je osnovala 1972. godine. Od tada se brand razvijao i stekao svjetsku slavu. Radi se o luksuznoj modnoj marki koja je slavu stekla kreativnim pristupom modi. Senzualnost i \u017eenstvenost su samo neke od odlika njenoga stila. Neke od njenih najpoznatijih kreacija su haljine na preklop.<\/p>\n\n\n\n<p>Poznati uzorci Diane von Furstenberg su prisutni u H&amp;M Home kolekciji na velikom broju predmeta za ure\u0111enje doma poput mirisnih svije\u0107a, jastuka, prekriva\u010da, vaza&#8230; Poznata po kreativnom pristupu i uzorcima ova belgijska dizajnerica sada je svoje umije\u0107e primijenila i u H&amp;M Home kolekciji.<\/p>\n\n\n\n<p>Elegantna vaza u obojenom staklu sa zaigranim uzorkom odli\u010dno odgovara za cvjetne aran\u017emane.<\/p>\n\n\n\n<p>Posuda za cvije\u0107e koja odlikuje elegancijom, reljefnog uzorka oslikana u kontrastnim bojama.<br>Drvena kutija s animal printom i lakiranim zavr\u0161nim slojem, visokog sjaja upotpunit \u0107e mnoge prostore.<\/p>\n\n\n\n<figure class=\"wp-block-gallery columns-3 is-cropped wp-block-gallery-1 is-layout-flex wp-block-gallery-is-layout-flex\"><ul class=\"blocks-gallery-grid\"><li class=\"blocks-gallery-item\"><figure><a href=\"https:\/\/dom.covermagazin.com\/wp-content\/uploads\/2021\/04\/HM-Home_1.jpg\"><img decoding=\"async\" src=\"https:\/\/dom.covermagazin.com\/wp-content\/uploads\/2021\/04\/HM-Home_1.jpg\" alt=\"\" data-id=\"4105\" data-full-url=\"https:\/\/dom.covermagazin.com\/wp-content\/uploads\/2021\/04\/HM-Home_1.jpg\" data-link=\"https:\/\/dom.covermagazin.com\/?attachment_id=4105\" class=\"wp-image-4105\"\/><\/a><\/figure><\/li><li class=\"blocks-gallery-item\"><figure><a href=\"https:\/\/dom.covermagazin.com\/wp-content\/uploads\/2021\/04\/HM-Home_2.jpg\"><img decoding=\"async\" src=\"https:\/\/dom.covermagazin.com\/wp-content\/uploads\/2021\/04\/HM-Home_2.jpg\" alt=\"\" data-id=\"4106\" data-full-url=\"https:\/\/dom.covermagazin.com\/wp-content\/uploads\/2021\/04\/HM-Home_2.jpg\" data-link=\"https:\/\/dom.covermagazin.com\/?attachment_id=4106\" class=\"wp-image-4106\"\/><\/a><\/figure><\/li><li class=\"blocks-gallery-item\"><figure><a href=\"https:\/\/dom.covermagazin.com\/wp-content\/uploads\/2021\/04\/HM-Home_3.jpg\"><img decoding=\"async\" src=\"https:\/\/dom.covermagazin.com\/wp-content\/uploads\/2021\/04\/HM-Home_3.jpg\" alt=\"\" data-id=\"4107\" data-full-url=\"https:\/\/dom.covermagazin.com\/wp-content\/uploads\/2021\/04\/HM-Home_3.jpg\" data-link=\"https:\/\/dom.covermagazin.com\/?attachment_id=4107\" class=\"wp-image-4107\"\/><\/a><\/figure><\/li><li class=\"blocks-gallery-item\"><figure><a href=\"https:\/\/dom.covermagazin.com\/wp-content\/uploads\/2021\/04\/HM-Home_4.jpg\"><img decoding=\"async\" src=\"https:\/\/dom.covermagazin.com\/wp-content\/uploads\/2021\/04\/HM-Home_4.jpg\" alt=\"\" data-id=\"4108\" data-full-url=\"https:\/\/dom.covermagazin.com\/wp-content\/uploads\/2021\/04\/HM-Home_4.jpg\" data-link=\"https:\/\/dom.covermagazin.com\/?attachment_id=4108\" class=\"wp-image-4108\"\/><\/a><\/figure><\/li><\/ul><\/figure>\n\n\n\n<p>Diane von Furstenberg x H&amp;M Home linija uklju\u010duje i jastuk sa razli\u010ditim teksturama i upe\u010datljivog dojma.<\/p>\n\n\n\n<h3 class=\"wp-block-heading\">Diane von Furstenberg x H&amp;M Home mirisne svije\u0107e<\/h3>\n\n\n\n<p>Mirisna svije\u0107a u svije\u0107anjaku kolekcije Diane von Furstenberg x H&amp;M Home odlikuje se elegantnim dizajnom, ali i odva\u017enim mirisom svje\u017eeg citrusa i slatke karamele. Planirano vrijeme trajanja je oko 45 sati. Ukoliko vam to nije dovoljno postoji pakiranje od 4 mirisne svije\u0107e u elegantnoj kutiji. Miris sandalovine, s notama crnog papra, kokosa.<\/p>\n\n\n\n<figure class=\"wp-block-gallery columns-3 is-cropped wp-block-gallery-2 is-layout-flex wp-block-gallery-is-layout-flex\"><ul class=\"blocks-gallery-grid\"><li class=\"blocks-gallery-item\"><figure><a href=\"https:\/\/dom.covermagazin.com\/wp-content\/uploads\/2021\/04\/HM-Home_5.jpg\"><img decoding=\"async\" src=\"https:\/\/dom.covermagazin.com\/wp-content\/uploads\/2021\/04\/HM-Home_5.jpg\" alt=\"\" data-id=\"4109\" data-full-url=\"https:\/\/dom.covermagazin.com\/wp-content\/uploads\/2021\/04\/HM-Home_5.jpg\" data-link=\"https:\/\/dom.covermagazin.com\/?attachment_id=4109\" class=\"wp-image-4109\"\/><\/a><\/figure><\/li><li class=\"blocks-gallery-item\"><figure><a href=\"https:\/\/dom.covermagazin.com\/wp-content\/uploads\/2021\/04\/HM-Home_7.jpg\"><img decoding=\"async\" src=\"https:\/\/dom.covermagazin.com\/wp-content\/uploads\/2021\/04\/HM-Home_7.jpg\" alt=\"\" data-id=\"4111\" data-full-url=\"https:\/\/dom.covermagazin.com\/wp-content\/uploads\/2021\/04\/HM-Home_7.jpg\" data-link=\"https:\/\/dom.covermagazin.com\/?attachment_id=4111\" class=\"wp-image-4111\"\/><\/a><\/figure><\/li><li class=\"blocks-gallery-item\"><figure><a href=\"https:\/\/dom.covermagazin.com\/wp-content\/uploads\/2021\/04\/HM-Home_8.jpg\"><img decoding=\"async\" src=\"https:\/\/dom.covermagazin.com\/wp-content\/uploads\/2021\/04\/HM-Home_8.jpg\" alt=\"\" data-id=\"4112\" data-full-url=\"https:\/\/dom.covermagazin.com\/wp-content\/uploads\/2021\/04\/HM-Home_8.jpg\" data-link=\"https:\/\/dom.covermagazin.com\/?attachment_id=4112\" class=\"wp-image-4112\"\/><\/a><\/figure><\/li><li class=\"blocks-gallery-item\"><figure><a href=\"https:\/\/dom.covermagazin.com\/wp-content\/uploads\/2021\/04\/HM-Home_6.jpg\"><img decoding=\"async\" src=\"https:\/\/dom.covermagazin.com\/wp-content\/uploads\/2021\/04\/HM-Home_6.jpg\" alt=\"\" data-id=\"4110\" data-full-url=\"https:\/\/dom.covermagazin.com\/wp-content\/uploads\/2021\/04\/HM-Home_6.jpg\" data-link=\"https:\/\/dom.covermagazin.com\/?attachment_id=4110\" class=\"wp-image-4110\"\/><\/a><\/figure><\/li><\/ul><\/figure>\n\n\n\n<h3 class=\"wp-block-heading\">Diane von Furstenberg x H&amp;M Home prekriva\u010d<\/h3>\n\n\n\n<p>Prekriva\u010d sa 100% sastavom vune. \u017dakard tkanje, vuna i Diane von Furstenberg x H&amp;M Home dizajn daje neodoljiv spoj. Prekriva\u010d ima dvije strane s razli\u010ditim bojama tako da ga mo\u017eete kombinirati prema raspolo\u017eenju.<\/p>\n\n\n\n<figure class=\"wp-block-gallery columns-3 is-cropped wp-block-gallery-3 is-layout-flex wp-block-gallery-is-layout-flex\"><ul class=\"blocks-gallery-grid\"><li class=\"blocks-gallery-item\"><figure><a href=\"https:\/\/dom.covermagazin.com\/wp-content\/uploads\/2021\/04\/HM-Home_9.jpg\"><img decoding=\"async\" src=\"https:\/\/dom.covermagazin.com\/wp-content\/uploads\/2021\/04\/HM-Home_9.jpg\" alt=\"\" data-id=\"4113\" data-full-url=\"https:\/\/dom.covermagazin.com\/wp-content\/uploads\/2021\/04\/HM-Home_9.jpg\" data-link=\"https:\/\/dom.covermagazin.com\/?attachment_id=4113\" class=\"wp-image-4113\"\/><\/a><\/figure><\/li><li class=\"blocks-gallery-item\"><figure><a href=\"https:\/\/dom.covermagazin.com\/wp-content\/uploads\/2021\/04\/HM-Home_10.jpg\"><img decoding=\"async\" src=\"https:\/\/dom.covermagazin.com\/wp-content\/uploads\/2021\/04\/HM-Home_10.jpg\" alt=\"\" data-id=\"4114\" data-full-url=\"https:\/\/dom.covermagazin.com\/wp-content\/uploads\/2021\/04\/HM-Home_10.jpg\" data-link=\"https:\/\/dom.covermagazin.com\/?attachment_id=4114\" class=\"wp-image-4114\"\/><\/a><\/figure><\/li><li class=\"blocks-gallery-item\"><figure><a href=\"https:\/\/dom.covermagazin.com\/wp-content\/uploads\/2021\/04\/HM-Home_11.jpg\"><img decoding=\"async\" src=\"https:\/\/dom.covermagazin.com\/wp-content\/uploads\/2021\/04\/HM-Home_11.jpg\" alt=\"\" data-id=\"4115\" data-full-url=\"https:\/\/dom.covermagazin.com\/wp-content\/uploads\/2021\/04\/HM-Home_11.jpg\" data-link=\"https:\/\/dom.covermagazin.com\/?attachment_id=4115\" class=\"wp-image-4115\"\/><\/a><\/figure><\/li><li class=\"blocks-gallery-item\"><figure><a href=\"https:\/\/dom.covermagazin.com\/wp-content\/uploads\/2021\/04\/HM-Home_12.jpg\"><img decoding=\"async\" src=\"https:\/\/dom.covermagazin.com\/wp-content\/uploads\/2021\/04\/HM-Home_12.jpg\" alt=\"\" data-id=\"4116\" data-full-url=\"https:\/\/dom.covermagazin.com\/wp-content\/uploads\/2021\/04\/HM-Home_12.jpg\" data-link=\"https:\/\/dom.covermagazin.com\/?attachment_id=4116\" class=\"wp-image-4116\"\/><\/a><\/figure><\/li><\/ul><\/figure>\n\n\n\n<p>Prekriva\u010di s istim karakteristikama mogu se na\u0107i u crno bijeloj verziji, ali i u crveno ru\u017ei\u010dastoj. Iako su druga\u010dije, obje verzije su upe\u010datljive i zanimljive te \u0107e se mnogi vjerojatno te\u0161ko odlu\u010diti za dra\u017eu varijantu.<\/p>\n\n\n\n<figure class=\"wp-block-gallery columns-3 is-cropped wp-block-gallery-4 is-layout-flex wp-block-gallery-is-layout-flex\"><ul class=\"blocks-gallery-grid\"><li class=\"blocks-gallery-item\"><figure><a href=\"https:\/\/dom.covermagazin.com\/wp-content\/uploads\/2021\/04\/HM-Home_13.jpg\"><img decoding=\"async\" src=\"https:\/\/dom.covermagazin.com\/wp-content\/uploads\/2021\/04\/HM-Home_13.jpg\" alt=\"\" data-id=\"4117\" data-full-url=\"https:\/\/dom.covermagazin.com\/wp-content\/uploads\/2021\/04\/HM-Home_13.jpg\" data-link=\"https:\/\/dom.covermagazin.com\/?attachment_id=4117\" class=\"wp-image-4117\"\/><\/a><\/figure><\/li><li class=\"blocks-gallery-item\"><figure><a href=\"https:\/\/dom.covermagazin.com\/wp-content\/uploads\/2021\/04\/HM-Home_14.jpg\"><img decoding=\"async\" src=\"https:\/\/dom.covermagazin.com\/wp-content\/uploads\/2021\/04\/HM-Home_14.jpg\" alt=\"\" data-id=\"4118\" data-full-url=\"https:\/\/dom.covermagazin.com\/wp-content\/uploads\/2021\/04\/HM-Home_14.jpg\" data-link=\"https:\/\/dom.covermagazin.com\/?attachment_id=4118\" class=\"wp-image-4118\"\/><\/a><\/figure><\/li><li class=\"blocks-gallery-item\"><figure><a href=\"https:\/\/dom.covermagazin.com\/wp-content\/uploads\/2021\/04\/HM-Home_15.jpg\"><img decoding=\"async\" src=\"https:\/\/dom.covermagazin.com\/wp-content\/uploads\/2021\/04\/HM-Home_15.jpg\" alt=\"\" data-id=\"4119\" data-full-url=\"https:\/\/dom.covermagazin.com\/wp-content\/uploads\/2021\/04\/HM-Home_15.jpg\" data-link=\"https:\/\/dom.covermagazin.com\/?attachment_id=4119\" class=\"wp-image-4119\"\/><\/a><\/figure><\/li><\/ul><\/figure>\n\n\n\n<h3 class=\"wp-block-heading\">Diane von Furstenberg x H&amp;M Home jastuci<\/h3>\n\n\n\n<p>Diane von Furstenberg x H&amp;M Home jastuci tako\u0111er imaju dvije strane kako biste ih prilagodili stilu svoga ure\u0111enja doma, ali i trenutnom raspolo\u017eenju. Navlaka na jastuk ima patentni zatvara\u010d tako da se lako mo\u017ee skinuti.<\/p>\n\n\n\n<figure class=\"wp-block-gallery columns-3 is-cropped wp-block-gallery-5 is-layout-flex wp-block-gallery-is-layout-flex\"><ul class=\"blocks-gallery-grid\"><li class=\"blocks-gallery-item\"><figure><a href=\"https:\/\/dom.covermagazin.com\/wp-content\/uploads\/2021\/04\/HM-Home_16.jpg\"><img decoding=\"async\" src=\"https:\/\/dom.covermagazin.com\/wp-content\/uploads\/2021\/04\/HM-Home_16.jpg\" alt=\"\" data-id=\"4120\" data-full-url=\"https:\/\/dom.covermagazin.com\/wp-content\/uploads\/2021\/04\/HM-Home_16.jpg\" data-link=\"https:\/\/dom.covermagazin.com\/?attachment_id=4120\" class=\"wp-image-4120\"\/><\/a><\/figure><\/li><li class=\"blocks-gallery-item\"><figure><a href=\"https:\/\/dom.covermagazin.com\/wp-content\/uploads\/2021\/04\/HM-Home_17.jpg\"><img decoding=\"async\" src=\"https:\/\/dom.covermagazin.com\/wp-content\/uploads\/2021\/04\/HM-Home_17.jpg\" alt=\"\" data-id=\"4121\" data-full-url=\"https:\/\/dom.covermagazin.com\/wp-content\/uploads\/2021\/04\/HM-Home_17.jpg\" data-link=\"https:\/\/dom.covermagazin.com\/?attachment_id=4121\" class=\"wp-image-4121\"\/><\/a><\/figure><\/li><li class=\"blocks-gallery-item\"><figure><a href=\"https:\/\/dom.covermagazin.com\/wp-content\/uploads\/2021\/04\/HM-Home_18.jpg\"><img decoding=\"async\" src=\"https:\/\/dom.covermagazin.com\/wp-content\/uploads\/2021\/04\/HM-Home_18.jpg\" alt=\"\" data-id=\"4122\" data-full-url=\"https:\/\/dom.covermagazin.com\/wp-content\/uploads\/2021\/04\/HM-Home_18.jpg\" data-link=\"https:\/\/dom.covermagazin.com\/?attachment_id=4122\" class=\"wp-image-4122\"\/><\/a><\/figure><\/li><\/ul><\/figure>\n\n\n\n<p>Jastuci dimenzija 60&#215;60 su i u drugim bojama, s uzorkom ili sa inspirativnim natpisom.<\/p>\n\n\n\n<figure class=\"wp-block-gallery columns-3 is-cropped wp-block-gallery-6 is-layout-flex wp-block-gallery-is-layout-flex\"><ul class=\"blocks-gallery-grid\"><li class=\"blocks-gallery-item\"><figure><a href=\"https:\/\/dom.covermagazin.com\/wp-content\/uploads\/2021\/04\/HM-Home_30.jpg\"><img decoding=\"async\" src=\"https:\/\/dom.covermagazin.com\/wp-content\/uploads\/2021\/04\/HM-Home_30.jpg\" alt=\"\" data-id=\"4133\" data-full-url=\"https:\/\/dom.covermagazin.com\/wp-content\/uploads\/2021\/04\/HM-Home_30.jpg\" data-link=\"https:\/\/dom.covermagazin.com\/?attachment_id=4133\" class=\"wp-image-4133\"\/><\/a><\/figure><\/li><li class=\"blocks-gallery-item\"><figure><a href=\"https:\/\/dom.covermagazin.com\/wp-content\/uploads\/2021\/04\/HM-Home_31.jpg\"><img decoding=\"async\" src=\"https:\/\/dom.covermagazin.com\/wp-content\/uploads\/2021\/04\/HM-Home_31.jpg\" alt=\"\" data-id=\"4134\" data-full-url=\"https:\/\/dom.covermagazin.com\/wp-content\/uploads\/2021\/04\/HM-Home_31.jpg\" data-link=\"https:\/\/dom.covermagazin.com\/?attachment_id=4134\" class=\"wp-image-4134\"\/><\/a><\/figure><\/li><li class=\"blocks-gallery-item\"><figure><a href=\"https:\/\/dom.covermagazin.com\/wp-content\/uploads\/2021\/04\/HM-Home_32.jpg\"><img decoding=\"async\" src=\"https:\/\/dom.covermagazin.com\/wp-content\/uploads\/2021\/04\/HM-Home_32.jpg\" alt=\"\" data-id=\"4135\" data-full-url=\"https:\/\/dom.covermagazin.com\/wp-content\/uploads\/2021\/04\/HM-Home_32.jpg\" data-link=\"https:\/\/dom.covermagazin.com\/?attachment_id=4135\" class=\"wp-image-4135\"\/><\/a><\/figure><\/li><\/ul><\/figure>\n\n\n\n<h3 class=\"wp-block-heading\">Diane von Furstenberg x H&amp;M Home \u0161alice<\/h3>\n\n\n\n<p>Komplet \u0161alica iz kolekcije Diane von Furstenberg x H&amp;M Home \u010dine \u010detiri espresso \u0161alice od porculana. Iako su klasi\u010dnog oblika, zbog svog dizajna ove \u0161alice \u0107e se isticati. Unutra\u0161njost \u0161alica j mat a isti\u010de se samo logo dizajnera. \u0160alice su pakirane u pravokutnoj kutiji s poklopcem. Visina \u0161alice je 5,5 cm dok je promjer 6cm<\/p>\n\n\n\n<figure class=\"wp-block-gallery columns-3 is-cropped wp-block-gallery-7 is-layout-flex wp-block-gallery-is-layout-flex\"><ul class=\"blocks-gallery-grid\"><li class=\"blocks-gallery-item\"><figure><a href=\"https:\/\/dom.covermagazin.com\/wp-content\/uploads\/2021\/04\/HM-Home_19.jpg\"><img decoding=\"async\" src=\"https:\/\/dom.covermagazin.com\/wp-content\/uploads\/2021\/04\/HM-Home_19.jpg\" alt=\"\" data-id=\"4123\" data-full-url=\"https:\/\/dom.covermagazin.com\/wp-content\/uploads\/2021\/04\/HM-Home_19.jpg\" data-link=\"https:\/\/dom.covermagazin.com\/?attachment_id=4123\" class=\"wp-image-4123\"\/><\/a><\/figure><\/li><li class=\"blocks-gallery-item\"><figure><a href=\"https:\/\/dom.covermagazin.com\/wp-content\/uploads\/2021\/04\/HM-Home_20.jpg\"><img decoding=\"async\" src=\"https:\/\/dom.covermagazin.com\/wp-content\/uploads\/2021\/04\/HM-Home_20.jpg\" alt=\"\" data-id=\"4124\" data-full-url=\"https:\/\/dom.covermagazin.com\/wp-content\/uploads\/2021\/04\/HM-Home_20.jpg\" data-link=\"https:\/\/dom.covermagazin.com\/?attachment_id=4124\" class=\"wp-image-4124\"\/><\/a><\/figure><\/li><li class=\"blocks-gallery-item\"><figure><a href=\"https:\/\/dom.covermagazin.com\/wp-content\/uploads\/2021\/04\/HM-Home_21.jpg\"><img decoding=\"async\" src=\"https:\/\/dom.covermagazin.com\/wp-content\/uploads\/2021\/04\/HM-Home_21.jpg\" alt=\"\" data-id=\"4125\" data-full-url=\"https:\/\/dom.covermagazin.com\/wp-content\/uploads\/2021\/04\/HM-Home_21.jpg\" data-link=\"https:\/\/dom.covermagazin.com\/?attachment_id=4125\" class=\"wp-image-4125\"\/><\/a><\/figure><\/li><li class=\"blocks-gallery-item\"><figure><a href=\"https:\/\/dom.covermagazin.com\/wp-content\/uploads\/2021\/04\/HM-Home_22.jpg\"><img decoding=\"async\" src=\"https:\/\/dom.covermagazin.com\/wp-content\/uploads\/2021\/04\/HM-Home_22.jpg\" alt=\"\" data-id=\"4126\" data-full-url=\"https:\/\/dom.covermagazin.com\/wp-content\/uploads\/2021\/04\/HM-Home_22.jpg\" data-link=\"https:\/\/dom.covermagazin.com\/?attachment_id=4126\" class=\"wp-image-4126\"\/><\/a><\/figure><\/li><\/ul><\/figure>\n\n\n\n<h3 class=\"wp-block-heading\">Diane von Furstenberg x H&amp;M Home tanjuri\u0107i<\/h3>\n\n\n\n<p>Diane von Furstenberg x H&amp;M Home tanjuri\u0107i predstavljeni su u istim bojama te sa uzorcima koji odgovaraju espresso \u0161alicama tak da se mogu kombinirati i koristiti istovremeno. Promjer tanjuri\u0107a je 15 cm.<\/p>\n\n\n\n<figure class=\"wp-block-gallery columns-3 is-cropped wp-block-gallery-8 is-layout-flex wp-block-gallery-is-layout-flex\"><ul class=\"blocks-gallery-grid\"><li class=\"blocks-gallery-item\"><figure><a href=\"https:\/\/dom.covermagazin.com\/wp-content\/uploads\/2021\/04\/HM-Home_27.jpg\"><img decoding=\"async\" src=\"https:\/\/dom.covermagazin.com\/wp-content\/uploads\/2021\/04\/HM-Home_27.jpg\" alt=\"\" data-id=\"4130\" data-full-url=\"https:\/\/dom.covermagazin.com\/wp-content\/uploads\/2021\/04\/HM-Home_27.jpg\" data-link=\"https:\/\/dom.covermagazin.com\/?attachment_id=4130\" class=\"wp-image-4130\"\/><\/a><\/figure><\/li><li class=\"blocks-gallery-item\"><figure><a href=\"https:\/\/dom.covermagazin.com\/wp-content\/uploads\/2021\/04\/HM-Home_28.jpg\"><img decoding=\"async\" src=\"https:\/\/dom.covermagazin.com\/wp-content\/uploads\/2021\/04\/HM-Home_28.jpg\" alt=\"\" data-id=\"4131\" data-full-url=\"https:\/\/dom.covermagazin.com\/wp-content\/uploads\/2021\/04\/HM-Home_28.jpg\" data-link=\"https:\/\/dom.covermagazin.com\/?attachment_id=4131\" class=\"wp-image-4131\"\/><\/a><\/figure><\/li><li class=\"blocks-gallery-item\"><figure><a href=\"https:\/\/dom.covermagazin.com\/wp-content\/uploads\/2021\/04\/HM-Home_29.jpg\"><img decoding=\"async\" src=\"https:\/\/dom.covermagazin.com\/wp-content\/uploads\/2021\/04\/HM-Home_29.jpg\" alt=\"\" data-id=\"4132\" data-full-url=\"https:\/\/dom.covermagazin.com\/wp-content\/uploads\/2021\/04\/HM-Home_29.jpg\" data-link=\"https:\/\/dom.covermagazin.com\/?attachment_id=4132\" class=\"wp-image-4132\"\/><\/a><\/figure><\/li><\/ul><\/figure>\n\n\n\n<h3 class=\"wp-block-heading\">Diane von Furstenberg x H&amp;M Home vaze <\/h3>\n\n\n\n<p>Diane von Furstenberg x H&amp;M Home ukras u obliku suze, obojeno staklo u jakoj boji osvje\u017eit \u0107e svaki dom. Zaobljena vaza od obojanog stakla iz iste kolekcije savr\u0161eno \u0107e se nadopuniti s ukrasom.<\/p>\n\n\n\n<figure class=\"wp-block-gallery columns-3 is-cropped wp-block-gallery-9 is-layout-flex wp-block-gallery-is-layout-flex\"><ul class=\"blocks-gallery-grid\"><li class=\"blocks-gallery-item\"><figure><a href=\"https:\/\/dom.covermagazin.com\/wp-content\/uploads\/2021\/04\/HM-Home_23.jpg\"><img decoding=\"async\" src=\"https:\/\/dom.covermagazin.com\/wp-content\/uploads\/2021\/04\/HM-Home_23.jpg\" alt=\"\" data-id=\"4127\" data-full-url=\"https:\/\/dom.covermagazin.com\/wp-content\/uploads\/2021\/04\/HM-Home_23.jpg\" data-link=\"https:\/\/dom.covermagazin.com\/?attachment_id=4127\" class=\"wp-image-4127\"\/><\/a><\/figure><\/li><li class=\"blocks-gallery-item\"><figure><a href=\"https:\/\/dom.covermagazin.com\/wp-content\/uploads\/2021\/04\/HM-Home_24.jpg\"><img decoding=\"async\" src=\"https:\/\/dom.covermagazin.com\/wp-content\/uploads\/2021\/04\/HM-Home_24.jpg\" alt=\"\" data-id=\"4128\" data-full-url=\"https:\/\/dom.covermagazin.com\/wp-content\/uploads\/2021\/04\/HM-Home_24.jpg\" data-link=\"https:\/\/dom.covermagazin.com\/?attachment_id=4128\" class=\"wp-image-4128\"\/><\/a><\/figure><\/li><li class=\"blocks-gallery-item\"><figure><a href=\"https:\/\/dom.covermagazin.com\/wp-content\/uploads\/2021\/04\/HM-Home_25.jpg\"><img decoding=\"async\" src=\"https:\/\/dom.covermagazin.com\/wp-content\/uploads\/2021\/04\/HM-Home_25.jpg\" alt=\"\" data-id=\"4129\" data-full-url=\"https:\/\/dom.covermagazin.com\/wp-content\/uploads\/2021\/04\/HM-Home_25.jpg\" data-link=\"https:\/\/dom.covermagazin.com\/?attachment_id=4129\" class=\"wp-image-4129\"\/><\/a><\/figure><\/li><li class=\"blocks-gallery-item\"><figure><a href=\"https:\/\/dom.covermagazin.com\/wp-content\/uploads\/2021\/04\/HM-Home_1.jpg\"><img decoding=\"async\" src=\"https:\/\/dom.covermagazin.com\/wp-content\/uploads\/2021\/04\/HM-Home_1.jpg\" alt=\"\" data-id=\"4105\" data-full-url=\"https:\/\/dom.covermagazin.com\/wp-content\/uploads\/2021\/04\/HM-Home_1.jpg\" data-link=\"https:\/\/dom.covermagazin.com\/?attachment_id=4105\" class=\"wp-image-4105\"\/><\/a><\/figure><\/li><\/ul><\/figure>\n","protected":false},"excerpt":{"rendered":"<p>H&#038;M je predstavio suradnju s dizajnericom Diane von Furstenberg u kolekciji Diane von Furstenberg x H&#038;M Home.<\/p>\n","protected":false},"author":2,"featured_media":0,"comment_status":"open","ping_status":"open","sticky":false,"template":"","format":"standard","meta":{"footnotes":""},"categories":[4,129],"tags":[159,15,16,155],"class_list":["post-4103","post","type-post","status-publish","format-standard","hentry","category-dnevni_boravak","category-ideje","tag-dekoracije-dnevnog-boravka","tag-dekorativni-jastuci","tag-dekorativni-predmeti","tag-hm-home"],"_links":{"self":[{"href":"https:\/\/dom.covermagazin.com\/index.php?rest_route=\/wp\/v2\/posts\/4103","targetHints":{"allow":["GET"]}}],"collection":[{"href":"https:\/\/dom.covermagazin.com\/index.php?rest_route=\/wp\/v2\/posts"}],"about":[{"href":"https:\/\/dom.covermagazin.com\/index.php?rest_route=\/wp\/v2\/types\/post"}],"author":[{"embeddable":true,"href":"https:\/\/dom.covermagazin.com\/index.php?rest_route=\/wp\/v2\/users\/2"}],"replies":[{"embeddable":true,"href":"https:\/\/dom.covermagazin.com\/index.php?rest_route=%2Fwp%2Fv2%2Fcomments&post=4103"}],"version-history":[{"count":1,"href":"https:\/\/dom.covermagazin.com\/index.php?rest_route=\/wp\/v2\/posts\/4103\/revisions"}],"predecessor-version":[{"id":4136,"href":"https:\/\/dom.covermagazin.com\/index.php?rest_route=\/wp\/v2\/posts\/4103\/revisions\/4136"}],"wp:attachment":[{"href":"https:\/\/dom.covermagazin.com\/index.php?rest_route=%2Fwp%2Fv2%2Fmedia&parent=4103"}],"wp:term":[{"taxonomy":"category","embeddable":true,"href":"https:\/\/dom.covermagazin.com\/index.php?rest_route=%2Fwp%2Fv2%2Fcategories&post=4103"},{"taxonomy":"post_tag","embeddable":true,"href":"https:\/\/dom.covermagazin.com\/index.php?rest_route=%2Fwp%2Fv2%2Ftags&post=4103"}],"curies":[{"name":"wp","href":"https:\/\/api.w.org\/{rel}","templated":true}]}}